{"id":10015,"date":"2026-08-07T18:09:39","date_gmt":"2026-08-07T16:09:39","guid":{"rendered":"https:\/\/www.praticompany.com\/notizia-dal-mondo\/solar-conversation-with-digitalflexo-srl\/"},"modified":"2026-08-27T09:01:24","modified_gmt":"2026-08-27T07:01:24","slug":"conversazioni-solari-con-digitalflexo-srl","status":"publish","type":"notizia-dal-mondo","link":"https:\/\/www.praticompany.com\/it\/notizia-dal-mondo\/conversazioni-solari-con-digitalflexo-srl\/","title":{"rendered":"CONVERSAZIONI SOLARI CON\u2026 Digital&#038;Flexo Srl"},"content":{"rendered":"<p><strong>Germ\u00e1n Calvo, socio Digital&amp;Flexo Srl (<\/strong><a href=\"https:\/\/www.digitalyflexo.com\"><strong>https:\/\/www.digitalyflexo.com<\/strong><\/a>)<\/p>\n<p><strong>Chiara Prati, CEO&amp;CSO Prati Srl<\/strong><\/p>\n<p>Se dovessi racchiudere Germ\u00e1n Calvo in una sola parola, sceglierei: SAGGEZZA.<\/p>\n<p>Germ\u00e1n ha saputo trasformare la sua esperienza e il suo viaggio professionale in un grande maestro di vita. L\u2019esperienza gli \u00e8 cos\u00ec cara che vorrebbe trovare il modo di trasmetterla ai suoi collaboratori insieme alle informazioni tecniche. Questo \u00e8 uno dei suoi sogni.<br \/>\nDa bambino Germ\u00e1n Calvo voleva fare il pompiere. Un mestiere nobile: salvare vite attraverso l\u2019azione, il coraggio e la forza. Quando pensiamo ai pompieri immaginiamo una squadra che si fa largo tra le fiamme. Ma la loro missione va ben oltre: spesso intervengono in situazioni molto diverse, aiutando persone rimaste bloccate o in difficolt\u00e0 e offrendo loro una nuova via d\u2019uscita.<\/p>\n<p>E non ha forse fatto la stessa cosa quando ha continuato a credere nella sua attivit\u00e0 durante il difficile periodo storico vissuto dall\u2019Argentina?<\/p>\n<p>Oppure quando ha intrapreso \u201cla sua\u201d strada con l\u2019arrivo delle nuove tecnologie digitali offrendo al cliente la sua consulenza? Non era un vendere per vendere, la sua arma pi\u00f9 potente l\u2019onest\u00e0 e l\u2019esperienza, affinch\u00e9 il cliente potesse ben orientarsi nella scelta della macchina pi\u00f9 idonea, ottimizzando tempo, costi ed energie.<\/p>\n<p>Un approccio al mercato che gli ha permesso di conquistare la fiducia dei suoi interlocutori, mantenerla in momenti difficili e superare le crisi che ogni tanto arrivano a metterci alla prova.<br \/>\nMa \u00e8 proprio quando riusciamo a superare questi momenti che ci rendiamo conto di cosa siamo stati realmente capaci di fare.<\/p>\n<p>Vi invito a leggere questa avventura. \u00c8 un brillante esempio di come affrontare con nobilt\u00e0 e a testa alta gli affari e tutto ci\u00f2 che la vita ci porta.<\/p>\n<p><strong>Che storia!<br \/>\n<\/strong>La storia di Germ\u00e0n Calvo si intreccia con quella dell&#8217;industria della stampa argentina.<br \/>\nDopo gli esordi nel 1979 nel settore dei moduli continui e degli stampati commerciali con Ram\u00f3n Chozas S.A. (un cliente Prati), nel 1995 entra in <strong>Automaci\u00f3n Gr\u00e1fica S.A.<\/strong>, attiva nella rappresentanza di alcuni dei principali costruttori di macchine da stampa e converting, tra cui Komori, Mark Andy, Xeikon, Prati e Jackstaedt Self Adhesive Papers.<br \/>\nAd agosto 2018, un nuovo inizio: Germ\u00e0n Calvo fonda Digital&amp;Flexo Srl, proseguendo la collaborazione con alcune delle aziende gi\u00e0 rappresentate e ampliando il portafoglio con nuovi marchi.<\/p>\n<p><strong>La prima macchina Prati in Argentina<br \/>\n<\/strong>\u00abIl 1990 segna l\u2019ingresso della prima macchina Prati in Argentina, acquistata dalla De Marchi Hnos. I fratelli Jos\u00e9 e Luciano De Marchi, stampatori italiani trasferitisi nel Paese, si dotarono in quel periodo anche di una Mark Andy, la prima installata in Argentina, avviando cos\u00ec una stretta collaborazione con Automaci\u00f3n Gr\u00e1fica.<\/p>\n<p>L&#8217;accordo con Prati \u2013 ricorda Calvo &#8211; segu\u00ec naturalmente, e in questo Pietro Prati svolse un ruolo fondamentale: si rec\u00f2 in Argentina per conoscere personalmente i fratelli De Marchi con cui nacque una sincera amicizia.<\/p>\n<p>Durante quella visita, Pietro dedic\u00f2 due o tre giorni alla manutenzione completa della macchina, per assicurarsi che potesse lavorare al meglio e a lungo.<br \/>\n<strong>E cos\u00ec \u00e8 stato: la prima Jupiter installata nel Paese \u00e8 ancora in funzione!<\/strong><\/p>\n<p><img decoding=\"async\" class=\"alignnone wp-image-9966\" src=\"https:\/\/www.praticompany.com\/wp-content\/uploads\/2026\/08\/Prati-Slitter-Rewinder-1989-ok-169x300.jpg\" alt=\"\" width=\"225\" height=\"400\" srcset=\"https:\/\/www.praticompany.com\/wp-content\/uploads\/2026\/08\/Prati-Slitter-Rewinder-1989-ok-169x300.jpg 169w, https:\/\/www.praticompany.com\/wp-content\/uploads\/2026\/08\/Prati-Slitter-Rewinder-1989-ok-200x356.jpg 200w, https:\/\/www.praticompany.com\/wp-content\/uploads\/2026\/08\/Prati-Slitter-Rewinder-1989-ok-400x711.jpg 400w, https:\/\/www.praticompany.com\/wp-content\/uploads\/2026\/08\/Prati-Slitter-Rewinder-1989-ok-576x1024.jpg 576w, https:\/\/www.praticompany.com\/wp-content\/uploads\/2026\/08\/Prati-Slitter-Rewinder-1989-ok-600x1067.jpg 600w, https:\/\/www.praticompany.com\/wp-content\/uploads\/2026\/08\/Prati-Slitter-Rewinder-1989-ok-768x1365.jpg 768w, https:\/\/www.praticompany.com\/wp-content\/uploads\/2026\/08\/Prati-Slitter-Rewinder-1989-ok-800x1422.jpg 800w, https:\/\/www.praticompany.com\/wp-content\/uploads\/2026\/08\/Prati-Slitter-Rewinder-1989-ok-864x1536.jpg 864w, https:\/\/www.praticompany.com\/wp-content\/uploads\/2026\/08\/Prati-Slitter-Rewinder-1989-ok.jpg 900w\" sizes=\"(max-width: 225px) 100vw, 225px\" \/><br \/>\n<em>1989, Prati Slitter Rewinder<\/em><\/p>\n<p><strong>Come \u00e8 nata la collaborazione con Prati?<br \/>\n<\/strong><strong>\u00ab<\/strong>Tutto inizi\u00f2 nel 1997, in occasione di Labelexpo Europe, quando fummo presentati a Pietro Prati dai fratelli Jos\u00e9 e Luciano De Marchi.<br \/>\nLoro sapevamo che il nostro portafoglio all\u2019epoca non era ancora completo senza una soluzione per il taglio e il riavvolgimento delle etichette. Si parlava poco di ispezione e controllo qualit\u00e0 come li intendiamo oggi: erano gli anni delle lampade stroboscopiche, dei sensori e delle prime tecnologie dedicate alla verifica del prodotto.<br \/>\nL&#8217;accordo fu stretto durante la fiera.<\/p>\n<p>Pietro torn\u00f2 successivamente in Argentina per seguire la nostra formazione, e dedic\u00f2 molto tempo anche ai nostri tecnici avendo a cuore di condividere con loro sia le competenze tecniche sia la filosofia progettuale delle \u201csue\u201d macchine: affidabili, semplici da utilizzare e pensate per durare negli anni.<br \/>\nPurtroppo, nei primi anni Duemila, l&#8217;Argentina fu colpita da una delle peggiori crisi economiche della sua storia, portandola vicino al default finanziario. Ma il nostro lavoro di promozione del marchio non si ferm\u00f2 per posizionarlo come alternativa di riferimento a Rotoflex, leader del mercato in quegli anni<strong>\u00bb<\/strong>.<\/p>\n<p><strong>\u00a0<\/strong><strong>Nel 2006, una svolta<\/strong>\u2026<br \/>\n<strong>\u00ab<\/strong>S\u00ec, la presentazione di una Jupiter alla fiera Argentina Gr\u00e1fica. Da allora le installazioni sono cresciute costantemente, fino a fare di Prati un punto di riferimento nel converting di alta qualit\u00e0.<br \/>\nNel 2010 la prima ribobinatrice con sistema di ispezione al 100% installata in Argentina fu introdotta proprio da Prati, presso Talleres Gr\u00e1ficos Corti.<br \/>\nOggi il marchio Prati \u00e8 riconosciuto come sinonimo di qualit\u00e0 costruttiva, affidabilit\u00e0, semplicit\u00e0 d&#8217;uso ed eccellente controllo della tensione di riavvolgimento: \u201cMacchine instancabili e destinate a durare nel tempo!<strong>\u00bb<\/strong><\/p>\n<p><img decoding=\"async\" class=\"alignnone wp-image-9971\" src=\"https:\/\/www.praticompany.com\/wp-content\/uploads\/2026\/08\/Jupiter-intera-lontano-225x300.jpeg\" alt=\"\" width=\"250\" height=\"333\" srcset=\"https:\/\/www.praticompany.com\/wp-content\/uploads\/2026\/08\/Jupiter-intera-lontano-200x267.jpeg 200w, https:\/\/www.praticompany.com\/wp-content\/uploads\/2026\/08\/Jupiter-intera-lontano-225x300.jpeg 225w, https:\/\/www.praticompany.com\/wp-content\/uploads\/2026\/08\/Jupiter-intera-lontano-400x533.jpeg 400w, https:\/\/www.praticompany.com\/wp-content\/uploads\/2026\/08\/Jupiter-intera-lontano-600x800.jpeg 600w, https:\/\/www.praticompany.com\/wp-content\/uploads\/2026\/08\/Jupiter-intera-lontano-768x1024.jpeg 768w, https:\/\/www.praticompany.com\/wp-content\/uploads\/2026\/08\/Jupiter-intera-lontano-800x1067.jpeg 800w, https:\/\/www.praticompany.com\/wp-content\/uploads\/2026\/08\/Jupiter-intera-lontano-1152x1536.jpeg 1152w, https:\/\/www.praticompany.com\/wp-content\/uploads\/2026\/08\/Jupiter-intera-lontano.jpeg 1200w\" sizes=\"(max-width: 250px) 100vw, 250px\" \/> <img decoding=\"async\" class=\"alignnone wp-image-9976\" src=\"https:\/\/www.praticompany.com\/wp-content\/uploads\/2026\/08\/Jupiter-fronte-225x300.jpeg\" alt=\"\" width=\"250\" height=\"333\" srcset=\"https:\/\/www.praticompany.com\/wp-content\/uploads\/2026\/08\/Jupiter-fronte-200x267.jpeg 200w, https:\/\/www.praticompany.com\/wp-content\/uploads\/2026\/08\/Jupiter-fronte-225x300.jpeg 225w, https:\/\/www.praticompany.com\/wp-content\/uploads\/2026\/08\/Jupiter-fronte-400x533.jpeg 400w, https:\/\/www.praticompany.com\/wp-content\/uploads\/2026\/08\/Jupiter-fronte-600x800.jpeg 600w, https:\/\/www.praticompany.com\/wp-content\/uploads\/2026\/08\/Jupiter-fronte-768x1024.jpeg 768w, https:\/\/www.praticompany.com\/wp-content\/uploads\/2026\/08\/Jupiter-fronte-800x1067.jpeg 800w, https:\/\/www.praticompany.com\/wp-content\/uploads\/2026\/08\/Jupiter-fronte-1152x1536.jpeg 1152w, https:\/\/www.praticompany.com\/wp-content\/uploads\/2026\/08\/Jupiter-fronte.jpeg 1200w\" sizes=\"(max-width: 250px) 100vw, 250px\" \/> <img decoding=\"async\" class=\"alignnone wp-image-9981\" src=\"https:\/\/www.praticompany.com\/wp-content\/uploads\/2026\/08\/Jupiter-pannello-225x300.jpeg\" alt=\"\" width=\"250\" height=\"333\" srcset=\"https:\/\/www.praticompany.com\/wp-content\/uploads\/2026\/08\/Jupiter-pannello-200x267.jpeg 200w, https:\/\/www.praticompany.com\/wp-content\/uploads\/2026\/08\/Jupiter-pannello-225x300.jpeg 225w, https:\/\/www.praticompany.com\/wp-content\/uploads\/2026\/08\/Jupiter-pannello-400x533.jpeg 400w, https:\/\/www.praticompany.com\/wp-content\/uploads\/2026\/08\/Jupiter-pannello-600x800.jpeg 600w, https:\/\/www.praticompany.com\/wp-content\/uploads\/2026\/08\/Jupiter-pannello-768x1024.jpeg 768w, https:\/\/www.praticompany.com\/wp-content\/uploads\/2026\/08\/Jupiter-pannello-800x1067.jpeg 800w, https:\/\/www.praticompany.com\/wp-content\/uploads\/2026\/08\/Jupiter-pannello-1152x1536.jpeg 1152w, https:\/\/www.praticompany.com\/wp-content\/uploads\/2026\/08\/Jupiter-pannello.jpeg 1200w\" sizes=\"(max-width: 250px) 100vw, 250px\" \/><br \/>\n<i><span lang=\"PT\">2006, Prati Jupiter TE 400<\/span><\/i><\/p>\n<p><strong>Quali decisioni hanno segnato il tuo percorso?<br \/>\n<\/strong><strong>\u00ab<\/strong>Automaci\u00f3n Gr\u00e1fica S.A., l\u2019azienda per cui ho lavorato dal 1995 al 2018 \u2013 spiega Calvo &#8211; aveva un accordo di distribuzione delle macchine offset a foglio Komori, ma quando ho fondato Digital&amp;Flexo ho deciso di non portare avanti questa collaborazione perch\u00e9 preferivo rimanere focalizzato sul \u201cmio canale\u201d tradizionale, ossia il mondo flexo. E quando mi proposero di aggiungere un&#8217;altra azienda al mio portafoglio non accettai.<br \/>\nIl rapporto era ottimo, ma ho deciso di concentrarmi su quanto avevo scelto sin dall\u2019inizio: la flexo, con Mark Andy come marchio principale.<br \/>\nPer chi vende impianti flexo, il complemento perfetto \u00e8 rappresentato dalle taglierine-ribobinatrici e dalle macchine di finitura. Il tempo \u00e8 la mia risorsa pi\u00f9 preziosa: quando visito un cliente per parlare di una macchina flexo, nello stesso incontro posso parlare anche di digitale, di finitura e di ispezione.<br \/>\nNon avrebbe avuto senso quindi bussare a nuove porte per prodotti che non avevano alcuna relazione con il mio business abituale<strong>.\u00bb<\/strong><\/p>\n<p><strong>Digitale e flexo: tecnologie complementari<br \/>\n<\/strong>Anche il nome dell\u2019azienda fondata da Germ\u00e0n Calvo riflette una convinzione molto forte.<br \/>\n<strong>\u00ab<\/strong>Con l\u2019avvento delle macchine digitali, soprattutto con HP, sembrava si volessero cancellare tutte le altre tecnologie di stampa. Ma non sono mai stato d&#8217;accordo con questa filosofia.<br \/>\nQuando ho scelto il nome della mia azienda ho voluto sottolineare la congiunzione &#8220;&amp;&#8221; tra digitale e flexo, perch\u00e9 sono convinto che queste tecnologie siano complementari, non sostitutive.<br \/>\nNaturalmente esistono aree di sovrapposizione. Succede anche nella flessografia: a seconda dei volumi pu\u00f2 essere necessario utilizzare una flexo diversa o addirittura una tecnologia differente. Ogni tecnologia ha i propri limiti. C&#8217;\u00e8 una zona grigia in cui non \u00e8 sempre evidente quale soluzione sia la migliore, ma si tratta di eccezioni.<br \/>\nNella maggior parte dei casi \u00e8 abbastanza chiaro quando scegliere il digitale, la flexo, il narrow web o la flexo wide web.<br \/>\nE ho voluto sin dall\u2019inizio promuovere la convivenza delle due tecnologie.<strong>\u00bb<\/strong><\/p>\n<p><strong>Venditore o consulente?<br \/>\n<\/strong><strong>\u00ab<\/strong>Mi sono sempre sentito pi\u00f9 un consulente che un venditore! Spesso le aziende acquistano macchine senza comprenderne davvero il potenziale, o lo fanno perch\u00e9 imitano altri. Alcuni hanno successo, altri no. Ho visto personalmente molte macchine HP usate passare da un cliente all&#8217;altro perch\u00e9 chi le aveva acquistate non riusciva a sostenere i costi o non aveva costruito un modello di business adeguato.<br \/>\nQuesto succede quando l&#8217;obiettivo \u00e8 semplicemente &#8220;installare macchine&#8221;.<br \/>\nIl mio approccio \u00e8 diverso. Non voglio vendere a tutti i costi. Preferisco che sia il cliente a decidere di acquistare da me.<br \/>\nPu\u00f2 sembrare la stessa cosa, ma non lo \u00e8!<br \/>\nMi presento in modo diverso, non sono un venditore \u201caggressivo\u201d e questa differenziazione funziona. E spesso il cliente scopre in seguito che la macchina pu\u00f2 fare molto pi\u00f9 di quanto immaginasse e ne rimane piacevolmente sorpreso.<strong>\u00bb<\/strong><\/p>\n<p><strong>Quali insegnamenti hai appreso dalle persone incontrate?<br \/>\n<\/strong><strong>\u00ab<\/strong>Molto di quello che faccio l&#8217;ho imparato nell&#8217;azienda in cui ho lavorato per 23 anni.<br \/>\nIl proprietario era Antonio Tabanelli, una figura molto conosciuta nel settore grafico argentino, soprattutto nell&#8217;ambito della stampa di sicurezza, assegni e banconote.<br \/>\nMi ripeteva sempre<strong>: <em>&#8220;Vogliamo vendere macchine, ma vogliamo soprattutto clienti soddisfatti e consapevoli di ci\u00f2 che stanno acquistando.&#8221;<br \/>\n<\/em><\/strong>E aggiungeva:<\/p>\n<p><strong><em>&#8220;Puoi mentire una sola volta. Dopo quella menzogna il mercato lo sapr\u00e0 e non venderai pi\u00f9 una macchina.&#8221;<\/em><\/strong><\/p>\n<p>Avevo 38 anni quando mi disse queste cose e non le ho mai dimenticate.<br \/>\nUn altro consiglio che mi diede fu: &#8220;Usa pure il mio nome&#8221;.<br \/>\nEra una persona molto rispettata nel settore e mi incoraggi\u00f2 a presentarmi facendo riferimento a lui. Seguendo quel consiglio ottenni ottimi risultati.<br \/>\nCon gli anni, partecipando a tutte le principali fiere del settore, si diventa inevitabilmente una persona conosciuta nel mercato. Anche se non lo si cerca.<br \/>\nOggi molte persone mi chiamano per chiedere consigli, perfino su questioni elettriche. Non sono un elettricista, ma dopo tanti anni nel settore ho accumulato esperienza pratica. E questo diventa un valore.<strong>\u00bb<\/strong><\/p>\n<p><strong>Come questo valore \u00e8 entrato anche nella tua vita?<br \/>\n<\/strong><strong>\u00ab<\/strong>Dall&#8217;inizio del 2026 faccio parte della Fondazione Gutenberg, l&#8217;istituto di arti grafiche pi\u00f9 importante in Argentina. Oggi la Fondazione sta svolgendo un lavoro eccellente: corsi online, formazione pratica, comunicazione digitale. La nuova generazione che la guida ha portato energia e innovazione.<br \/>\nMi hanno anche offerto la possibilit\u00e0 di organizzare seminari e dimostrazioni. \u00c8 un luogo ideale per presentare nuove tecnologie e discutere le tendenze del mercato.<br \/>\nNe sono molto felice. \u00c8 una bella esperienza anche per me<strong>.\u00bb<\/strong><\/p>\n<p><strong>Quali sfide ha superato Digital&amp;Flexo insieme a Prati?<br \/>\n<\/strong><strong>\u00ab<\/strong>Abbiamo attraversato anche momenti difficili con alcuni clienti, ma ho sempre sentito di avere alle spalle un supporto forte, sia da parte dell&#8217;azienda sia da parte di Chiara personalmente.<br \/>\nQuesto d\u00e0 grande sicurezza.<\/p>\n<p><strong>Le macchine Prati sono estremamente affidabili.<\/strong> <strong>Le ultime generazioni, con un\u2019interfaccia HMI estremamente semplice, sono \u201cautoesplicative\u201d: insegnano agli operatori come utilizzarle.<\/strong> Il software \u00e8 intuitivo e i giovani si sentono a proprio agio perch\u00e9 sono abituati a lavorare con schermi e interfacce digitali.<br \/>\nPensando a una sfida comune\u2026 mi viene in mente un&#8217;applicazione molto complessa: etichette sagomate in carta non adesiva da 50 g\/m\u00b2. Quel progetto ci caus\u00f2 parecchi \u201cmal di testa\u201d.<br \/>\nAlla fine scoprimmo, e in questo caso grazie a Chiara, che il problema non dipendeva dalla macchina Prati, ma da un componente OEM installato a bordo. Una volta sostituito, tutto funzion\u00f2 correttamente, ma il processo richiese tempo e denaro.<br \/>\nIn pi\u00f9 il periodo non era dei pi\u00f9 semplici: in pieno lock down non fu possibile effettuare un collaudo completo in presenza. Molte verifiche dovettero essere svolte da remoto.<br \/>\nAd ogni modo siamo riusciti a risolvere tutto\u00bb.<\/p>\n<p><strong>Altri ingredienti per il successo?<br \/>\n<\/strong>Bisogna conoscere il business del cliente. Chi serve? Chi sono i suoi clienti? Quali sono le loro esigenze? Quali tolleranze richiedono? Quali tempi di consegna?<br \/>\nSe si comprendono queste informazioni, \u00e8 possibile configurare correttamente la macchina.<br \/>\nAltrimenti si rischia di commettere errori.<br \/>\nMolti clienti non sanno spiegare esattamente di cosa hanno bisogno. Descrivono ci\u00f2 che vogliono ottenere, ma non sempre sanno tradurlo in specifiche tecniche.<br \/>\n<strong>Per questo il compito del consulente \u00e8 andare oltre la richiesta iniziale e capire davvero il contesto operativo.\u00bb<\/strong><\/p>\n<p><strong>Quale messaggio hai voluto trasmettere ai clienti?<br \/>\n<\/strong><strong>\u201cVendiamo fiducia&#8221;.<br \/>\n<\/strong><strong>\u00ab<\/strong>Quando ho fondato la mia azienda ho voluto mettere in evidenza soprattutto una cosa: l&#8217;esperienza accumulata in tanti anni di presenza sul mercato.<br \/>\nSe le persone non si fidano di te, fare business diventa molto difficile.<br \/>\nCome non ricordare, a proposito di fiducia, che il primo contratto ufficiale firmato con Prati arriv\u00f2 circa dieci anni dopo l&#8217;inizio della collaborazione?<br \/>\nA un certo punto ci rendemmo conto di non avere mai firmato un vero e proprio contratto di distribuzione. Il rapporto si basava semplicemente sulla <strong>fiducia<\/strong>, <strong>parola chiave di questa relazione!<br \/>\n<\/strong>Tempo fa parlavo con un manager di Mark Andy sulle preoccupazioni legate all&#8217;intelligenza artificiale e lui mi disse: <strong>&#8220;Non preoccuparti, Germ\u00e1n. Le persone comprano dalle persone.&#8221;<br \/>\n<\/strong>Aveva ragione.<br \/>\nEcco perch\u00e9 cerco sempre di trasmettere affidabilit\u00e0. Voglio che i clienti sappiano che dir\u00f2 loro sia ci\u00f2 che la macchina pu\u00f2 fare, sia ci\u00f2 che non pu\u00f2 fare.<strong>\u00bb<\/strong><\/p>\n<p><strong>Cosa pensi sia meglio trasmettere livello di leadership?<br \/>\n<\/strong><strong>\u00ab<\/strong>Ho lavorato per due aziende nella mia vita -commenta Calvo &#8211; e in entrambe ho avuto una buona esperienza perch\u00e9 era sempre chiaro dove si stava andando, cosa si voleva raggiungere e soprattutto come. Si poteva anche non essere d\u2019accordo, ma era chiaro dove si stava andando.<br \/>\nTarget e buone pratiche per raggiungerli con onest\u00e0. Anche costruire fiducia, sia con i clienti, sia con le persone all\u2019interno.<\/p>\n<p><strong>Prati in una parola?<br \/>\n<\/strong><strong>\u00abPer me Prati \u00e8 CASA. <\/strong>Mi sento parte della famiglia. Potrei dire tante altre cose, ma \u00e8 la verit\u00e0 ed \u00e8 ci\u00f2 che sento nel cuore.<br \/>\nLe aziende di grandi dimensioni possono, a volte, diventare pi\u00f9 impersonali col passare del tempo.<br \/>\n<strong>Con Prati il rapporto \u00e8 diverso. Se qualcosa va storto, so che qualcuno sar\u00e0 l\u00ec a sostenermi prima ancora che io tocchi terra<\/strong>.<strong>\u00bb<\/strong><\/p>\n<p><img decoding=\"async\" class=\"alignnone wp-image-9991 size-large\" src=\"https:\/\/www.praticompany.com\/wp-content\/uploads\/2026\/08\/Screenshot-call-cuore-1024x572.jpg\" alt=\"\" width=\"1024\" height=\"572\" srcset=\"https:\/\/www.praticompany.com\/wp-content\/uploads\/2026\/08\/Screenshot-call-cuore-200x112.jpg 200w, https:\/\/www.praticompany.com\/wp-content\/uploads\/2026\/08\/Screenshot-call-cuore-300x168.jpg 300w, https:\/\/www.praticompany.com\/wp-content\/uploads\/2026\/08\/Screenshot-call-cuore-400x224.jpg 400w, https:\/\/www.praticompany.com\/wp-content\/uploads\/2026\/08\/Screenshot-call-cuore-600x335.jpg 600w, https:\/\/www.praticompany.com\/wp-content\/uploads\/2026\/08\/Screenshot-call-cuore-768x429.jpg 768w, https:\/\/www.praticompany.com\/wp-content\/uploads\/2026\/08\/Screenshot-call-cuore-800x447.jpg 800w, https:\/\/www.praticompany.com\/wp-content\/uploads\/2026\/08\/Screenshot-call-cuore-1024x572.jpg 1024w, https:\/\/www.praticompany.com\/wp-content\/uploads\/2026\/08\/Screenshot-call-cuore-1200x671.jpg 1200w, https:\/\/www.praticompany.com\/wp-content\/uploads\/2026\/08\/Screenshot-call-cuore-1320x738.jpg 1320w, https:\/\/www.praticompany.com\/wp-content\/uploads\/2026\/08\/Screenshot-call-cuore-1536x859.jpg 1536w, https:\/\/www.praticompany.com\/wp-content\/uploads\/2026\/08\/Screenshot-call-cuore.jpg 1567w\" sizes=\"(max-width: 1024px) 100vw, 1024px\" \/><\/p>\n<p><strong>Un commento di Chiara Prati\u2026<br \/>\n<\/strong><strong>\u00ab<\/strong>Anche per noi Germ\u00e0n \u00e8 casa, famiglia. <strong>Ed \u00e8 un valido esempio di cosa \u00e8 pi\u00f9 importante per noi: creare valore<\/strong>. E la nostra collaborazione lo dimostra.<br \/>\nSei nel nostro cuore, nel mio e in quello di mio padre. Per noi sei molto pi\u00f9 di un distributore: sei una persona che ha condiviso una parte fondamentale della nostra storia.<br \/>\nFai parte della nostra vita e del cammino che abbiamo percorso insieme in tutti questi anni.<strong>\u00bb<\/strong><\/p>\n<p><strong>Quale era il tuo sogno da bambino e quello di oggi?<br \/>\n<\/strong><strong>\u00ab<\/strong>Da bambino volevo fare il pompiere. Oggi il mio sogno \u00e8 diverso. Vorrei riuscire a trasferire la mia esperienza alle nuove generazioni.<br \/>\nSi possono scrivere manuali, procedure, casi studio, ma trasferire l&#8217;esperienza \u00e8 molto pi\u00f9 difficile.<br \/>\nL&#8217;esperienza nasce dalle situazioni vissute, dagli errori commessi, dalle decisioni prese sul campo.<br \/>\nSto cercando di fare proprio questo con mia figlia Pilar e con altri collaboratori: trasmettere non solo quello che so, ma anche quello che ho imparato vivendo.<br \/>\n\u00c8 un progetto importante per il mio futuro.<strong>\u00bb<\/strong><\/p>\n<p><strong>Grazie Germ\u00e1n, concludo con una nota personale\u2026<br \/>\n<\/strong>Al di l\u00e0 del lavoro che sognavamo da piccoli (io, ad esempio, volevo fare l\u2019insegnante nella scuola primaria) sono convinta che quel desiderio rimanga custodito nel nostro cuore. Parla di noi e del nostro approccio alla vita.<br \/>\nE se sappiamo ascoltarci e ci lasciamo guidare da quell\u2019istinto profondo riusciremo in altri modi, a volte inaspettati, a portare quello stesso spirito in azienda, in famiglia e quindi ogni giorno anche nel mondo.<br \/>\nE per quanto riguarda il tuo sogno di oggi, credo che la tua essenza si sia comunque trasmessa. Perch\u00e9 \u00e8 ci\u00f2 che facciamo e il modo in cui lo facciamo a parlare di noi pi\u00f9 di mille parole e a lasciare un segno.<\/p>\n<p>Dalle storie c\u2019\u00e8 sempre qualcosa da imparare, e dalla tua in particolare, grazie Germ\u00e1n!<\/p>\n<p><strong>Concetta Daniela Binario,<\/strong> <em>Communication Manager Prati Srl.<\/em><\/p>\n<p><img decoding=\"async\" class=\"alignnone wp-image-9996 \" src=\"https:\/\/www.praticompany.com\/wp-content\/uploads\/2026\/08\/PRATI-CARTE-Q_8-German-Calvo.jpg\" alt=\"\" width=\"288\" height=\"498\" \/><\/p>\n<p>\u201cPer volare, un uccello ha bisogno di spazio\u2026Non importi dei limiti mentre insegui i tuoi sogni. Gli ostacoli arriveranno comunque da s\u00e9.\u201d<\/p>\n<p><em>Germ\u00e1n Calvo, Socio Digital&amp;Flexo Srl \u2013 PRATI Team<\/em><\/p>\n","protected":false},"template":"","rubrica":[283],"class_list":["post-10015","notizia-dal-mondo","type-notizia-dal-mondo","status-publish","hentry","rubrica-solar-conversation"],"yoast_head":"<!-- This site is optimized with the Yoast SEO plugin v28.4 - https:\/\/yoast.com\/product\/yoast-seo-wordpress\/ -->\n<title>CONVERSAZIONI SOLARI CON\u2026 Digital&#038;Flexo Srl - Prati Company<\/title>\n<meta name=\"robots\" content=\"index, follow, max-snippet:-1, max-image-preview:large, max-video-preview:-1\" \/>\n<link rel=\"canonical\" href=\"https:\/\/www.praticompany.com\/it\/notizia-dal-mondo\/conversazioni-solari-con-digitalflexo-srl\/\" \/>\n<meta property=\"og:locale\" content=\"it_IT\" \/>\n<meta property=\"og:type\" content=\"article\" \/>\n<meta property=\"og:title\" content=\"CONVERSAZIONI SOLARI CON\u2026 Digital&#038;Flexo Srl - Prati Company\" \/>\n<meta property=\"og:description\" content=\"Germ\u00e1n Calvo, socio Digital&amp;Flexo Srl (https:\/\/www.digitalyflexo.com) Chiara Prati, CEO&amp;CSO Prati [...]\" \/>\n<meta property=\"og:url\" content=\"https:\/\/www.praticompany.com\/it\/notizia-dal-mondo\/conversazioni-solari-con-digitalflexo-srl\/\" \/>\n<meta property=\"og:site_name\" content=\"Prati Company\" \/>\n<meta property=\"article:modified_time\" content=\"2026-08-27T07:01:24+00:00\" \/>\n<meta property=\"og:image\" content=\"https:\/\/www.praticompany.com\/wp-content\/uploads\/2026\/08\/Prati-Slitter-Rewinder-1989-ok.jpg\" \/>\n\t<meta property=\"og:image:width\" content=\"900\" \/>\n\t<meta property=\"og:image:height\" content=\"1600\" \/>\n\t<meta property=\"og:image:type\" content=\"image\/jpeg\" \/>\n<meta name=\"twitter:card\" content=\"summary_large_image\" \/>\n<meta name=\"twitter:label1\" content=\"Tempo di lettura stimato\" \/>\n\t<meta name=\"twitter:data1\" content=\"12 minuti\" \/>\n<script type=\"application\/ld+json\" class=\"yoast-schema-graph\">{\"@context\":\"https:\\\/\\\/schema.org\",\"@graph\":[{\"@type\":\"WebPage\",\"@id\":\"https:\\\/\\\/www.praticompany.com\\\/it\\\/notizia-dal-mondo\\\/conversazioni-solari-con-digitalflexo-srl\\\/\",\"url\":\"https:\\\/\\\/www.praticompany.com\\\/it\\\/notizia-dal-mondo\\\/conversazioni-solari-con-digitalflexo-srl\\\/\",\"name\":\"CONVERSAZIONI SOLARI CON\u2026 Digital&#038;Flexo Srl - Prati Company\",\"isPartOf\":{\"@id\":\"https:\\\/\\\/www.praticompany.com\\\/it\\\/#website\"},\"primaryImageOfPage\":{\"@id\":\"https:\\\/\\\/www.praticompany.com\\\/it\\\/notizia-dal-mondo\\\/conversazioni-solari-con-digitalflexo-srl\\\/#primaryimage\"},\"image\":{\"@id\":\"https:\\\/\\\/www.praticompany.com\\\/it\\\/notizia-dal-mondo\\\/conversazioni-solari-con-digitalflexo-srl\\\/#primaryimage\"},\"thumbnailUrl\":\"https:\\\/\\\/www.praticompany.com\\\/wp-content\\\/uploads\\\/2026\\\/08\\\/Prati-Slitter-Rewinder-1989-ok-169x300.jpg\",\"datePublished\":\"2026-08-07T16:09:39+00:00\",\"dateModified\":\"2026-08-27T07:01:24+00:00\",\"breadcrumb\":{\"@id\":\"https:\\\/\\\/www.praticompany.com\\\/it\\\/notizia-dal-mondo\\\/conversazioni-solari-con-digitalflexo-srl\\\/#breadcrumb\"},\"inLanguage\":\"it-IT\",\"potentialAction\":[{\"@type\":\"ReadAction\",\"target\":[\"https:\\\/\\\/www.praticompany.com\\\/it\\\/notizia-dal-mondo\\\/conversazioni-solari-con-digitalflexo-srl\\\/\"]}]},{\"@type\":\"ImageObject\",\"inLanguage\":\"it-IT\",\"@id\":\"https:\\\/\\\/www.praticompany.com\\\/it\\\/notizia-dal-mondo\\\/conversazioni-solari-con-digitalflexo-srl\\\/#primaryimage\",\"url\":\"https:\\\/\\\/www.praticompany.com\\\/wp-content\\\/uploads\\\/2026\\\/08\\\/Prati-Slitter-Rewinder-1989-ok-169x300.jpg\",\"contentUrl\":\"https:\\\/\\\/www.praticompany.com\\\/wp-content\\\/uploads\\\/2026\\\/08\\\/Prati-Slitter-Rewinder-1989-ok-169x300.jpg\"},{\"@type\":\"BreadcrumbList\",\"@id\":\"https:\\\/\\\/www.praticompany.com\\\/it\\\/notizia-dal-mondo\\\/conversazioni-solari-con-digitalflexo-srl\\\/#breadcrumb\",\"itemListElement\":[{\"@type\":\"ListItem\",\"position\":1,\"name\":\"Home\",\"item\":\"https:\\\/\\\/www.praticompany.com\\\/it\\\/\"},{\"@type\":\"ListItem\",\"position\":2,\"name\":\"Notizie dal mondo\",\"item\":\"https:\\\/\\\/www.praticompany.com\\\/fr\\\/notizia-dal-mondo\\\/\"},{\"@type\":\"ListItem\",\"position\":3,\"name\":\"CONVERSAZIONI SOLARI CON\u2026 Digital&#038;Flexo Srl\"}]},{\"@type\":\"WebSite\",\"@id\":\"https:\\\/\\\/www.praticompany.com\\\/it\\\/#website\",\"url\":\"https:\\\/\\\/www.praticompany.com\\\/it\\\/\",\"name\":\"Prati Company\",\"description\":\"THERE\u2019S NO END  TO OUR FINISHING  SOLUTIONS\",\"publisher\":{\"@id\":\"https:\\\/\\\/www.praticompany.com\\\/it\\\/#organization\"},\"potentialAction\":[{\"@type\":\"SearchAction\",\"target\":{\"@type\":\"EntryPoint\",\"urlTemplate\":\"https:\\\/\\\/www.praticompany.com\\\/it\\\/?s={search_term_string}\"},\"query-input\":{\"@type\":\"PropertyValueSpecification\",\"valueRequired\":true,\"valueName\":\"search_term_string\"}}],\"inLanguage\":\"it-IT\"},{\"@type\":\"Organization\",\"@id\":\"https:\\\/\\\/www.praticompany.com\\\/it\\\/#organization\",\"name\":\"PRATI COMPANY\",\"url\":\"https:\\\/\\\/www.praticompany.com\\\/it\\\/\",\"logo\":{\"@type\":\"ImageObject\",\"inLanguage\":\"it-IT\",\"@id\":\"https:\\\/\\\/www.praticompany.com\\\/it\\\/#\\\/schema\\\/logo\\\/image\\\/\",\"url\":\"https:\\\/\\\/www.praticompany.com\\\/wp-content\\\/uploads\\\/2020\\\/03\\\/logo@2X.png\",\"contentUrl\":\"https:\\\/\\\/www.praticompany.com\\\/wp-content\\\/uploads\\\/2020\\\/03\\\/logo@2X.png\",\"width\":424,\"height\":90,\"caption\":\"PRATI COMPANY\"},\"image\":{\"@id\":\"https:\\\/\\\/www.praticompany.com\\\/it\\\/#\\\/schema\\\/logo\\\/image\\\/\"}}]}<\/script>\n<!-- \/ Yoast SEO plugin. -->","yoast_head_json":{"title":"CONVERSAZIONI SOLARI CON\u2026 Digital&#038;Flexo Srl - Prati Company","robots":{"index":"index","follow":"follow","max-snippet":"max-snippet:-1","max-image-preview":"max-image-preview:large","max-video-preview":"max-video-preview:-1"},"canonical":"https:\/\/www.praticompany.com\/it\/notizia-dal-mondo\/conversazioni-solari-con-digitalflexo-srl\/","og_locale":"it_IT","og_type":"article","og_title":"CONVERSAZIONI SOLARI CON\u2026 Digital&#038;Flexo Srl - Prati Company","og_description":"Germ\u00e1n Calvo, socio Digital&amp;Flexo Srl (https:\/\/www.digitalyflexo.com) Chiara Prati, CEO&amp;CSO Prati [...]","og_url":"https:\/\/www.praticompany.com\/it\/notizia-dal-mondo\/conversazioni-solari-con-digitalflexo-srl\/","og_site_name":"Prati Company","article_modified_time":"2026-08-27T07:01:24+00:00","og_image":[{"width":900,"height":1600,"url":"https:\/\/www.praticompany.com\/wp-content\/uploads\/2026\/08\/Prati-Slitter-Rewinder-1989-ok.jpg","type":"image\/jpeg"}],"twitter_card":"summary_large_image","twitter_misc":{"Tempo di lettura stimato":"12 minuti"},"schema":{"@context":"https:\/\/schema.org","@graph":[{"@type":"WebPage","@id":"https:\/\/www.praticompany.com\/it\/notizia-dal-mondo\/conversazioni-solari-con-digitalflexo-srl\/","url":"https:\/\/www.praticompany.com\/it\/notizia-dal-mondo\/conversazioni-solari-con-digitalflexo-srl\/","name":"CONVERSAZIONI SOLARI CON\u2026 Digital&#038;Flexo Srl - Prati Company","isPartOf":{"@id":"https:\/\/www.praticompany.com\/it\/#website"},"primaryImageOfPage":{"@id":"https:\/\/www.praticompany.com\/it\/notizia-dal-mondo\/conversazioni-solari-con-digitalflexo-srl\/#primaryimage"},"image":{"@id":"https:\/\/www.praticompany.com\/it\/notizia-dal-mondo\/conversazioni-solari-con-digitalflexo-srl\/#primaryimage"},"thumbnailUrl":"https:\/\/www.praticompany.com\/wp-content\/uploads\/2026\/08\/Prati-Slitter-Rewinder-1989-ok-169x300.jpg","datePublished":"2026-08-07T16:09:39+00:00","dateModified":"2026-08-27T07:01:24+00:00","breadcrumb":{"@id":"https:\/\/www.praticompany.com\/it\/notizia-dal-mondo\/conversazioni-solari-con-digitalflexo-srl\/#breadcrumb"},"inLanguage":"it-IT","potentialAction":[{"@type":"ReadAction","target":["https:\/\/www.praticompany.com\/it\/notizia-dal-mondo\/conversazioni-solari-con-digitalflexo-srl\/"]}]},{"@type":"ImageObject","inLanguage":"it-IT","@id":"https:\/\/www.praticompany.com\/it\/notizia-dal-mondo\/conversazioni-solari-con-digitalflexo-srl\/#primaryimage","url":"https:\/\/www.praticompany.com\/wp-content\/uploads\/2026\/08\/Prati-Slitter-Rewinder-1989-ok-169x300.jpg","contentUrl":"https:\/\/www.praticompany.com\/wp-content\/uploads\/2026\/08\/Prati-Slitter-Rewinder-1989-ok-169x300.jpg"},{"@type":"BreadcrumbList","@id":"https:\/\/www.praticompany.com\/it\/notizia-dal-mondo\/conversazioni-solari-con-digitalflexo-srl\/#breadcrumb","itemListElement":[{"@type":"ListItem","position":1,"name":"Home","item":"https:\/\/www.praticompany.com\/it\/"},{"@type":"ListItem","position":2,"name":"Notizie dal mondo","item":"https:\/\/www.praticompany.com\/fr\/notizia-dal-mondo\/"},{"@type":"ListItem","position":3,"name":"CONVERSAZIONI SOLARI CON\u2026 Digital&#038;Flexo Srl"}]},{"@type":"WebSite","@id":"https:\/\/www.praticompany.com\/it\/#website","url":"https:\/\/www.praticompany.com\/it\/","name":"Prati Company","description":"THERE\u2019S NO END  TO OUR FINISHING  SOLUTIONS","publisher":{"@id":"https:\/\/www.praticompany.com\/it\/#organization"},"potentialAction":[{"@type":"SearchAction","target":{"@type":"EntryPoint","urlTemplate":"https:\/\/www.praticompany.com\/it\/?s={search_term_string}"},"query-input":{"@type":"PropertyValueSpecification","valueRequired":true,"valueName":"search_term_string"}}],"inLanguage":"it-IT"},{"@type":"Organization","@id":"https:\/\/www.praticompany.com\/it\/#organization","name":"PRATI COMPANY","url":"https:\/\/www.praticompany.com\/it\/","logo":{"@type":"ImageObject","inLanguage":"it-IT","@id":"https:\/\/www.praticompany.com\/it\/#\/schema\/logo\/image\/","url":"https:\/\/www.praticompany.com\/wp-content\/uploads\/2020\/03\/logo@2X.png","contentUrl":"https:\/\/www.praticompany.com\/wp-content\/uploads\/2020\/03\/logo@2X.png","width":424,"height":90,"caption":"PRATI COMPANY"},"image":{"@id":"https:\/\/www.praticompany.com\/it\/#\/schema\/logo\/image\/"}}]}},"_links":{"self":[{"href":"https:\/\/www.praticompany.com\/it\/wp-json\/wp\/v2\/notizia-dal-mondo\/10015","targetHints":{"allow":["GET"]}}],"collection":[{"href":"https:\/\/www.praticompany.com\/it\/wp-json\/wp\/v2\/notizia-dal-mondo"}],"about":[{"href":"https:\/\/www.praticompany.com\/it\/wp-json\/wp\/v2\/types\/notizia-dal-mondo"}],"wp:attachment":[{"href":"https:\/\/www.praticompany.com\/it\/wp-json\/wp\/v2\/media?parent=10015"}],"wp:term":[{"taxonomy":"rubrica","embeddable":true,"href":"https:\/\/www.praticompany.com\/it\/wp-json\/wp\/v2\/rubrica?post=10015"}],"curies":[{"name":"wp","href":"https:\/\/api.w.org\/{rel}","templated":true}]}}